{"id":530,"date":"2017-10-08T17:55:19","date_gmt":"2017-10-08T17:55:19","guid":{"rendered":"http:\/\/veronikawenger.de\/?p=530"},"modified":"2017-10-08T17:55:19","modified_gmt":"2017-10-08T17:55:19","slug":"rhythm-section-utopia","status":"publish","type":"post","link":"https:\/\/veronikawenger.de\/?p=530","title":{"rendered":"RHYTHM SECTION UTOPIA"},"content":{"rendered":"<p style=\"text-align: center;\"><a href=\"https:\/\/veronikawenger.de\/wp-content\/uploads\/2017\/10\/uposter4.jpg\" data-lightbox=\"gal[530]\"><img loading=\"lazy\" decoding=\"async\" class=\"alignnone  wp-image-531\" src=\"https:\/\/veronikawenger.de\/wp-content\/uploads\/2017\/10\/uposter4-724x1024.jpg\" alt=\"uposter4\" width=\"424\" height=\"600\" srcset=\"https:\/\/veronikawenger.de\/wp-content\/uploads\/2017\/10\/uposter4-724x1024.jpg 724w, https:\/\/veronikawenger.de\/wp-content\/uploads\/2017\/10\/uposter4-212x300.jpg 212w\" sizes=\"auto, (max-width: 424px) 100vw, 424px\" \/><\/a><\/p>\n<p style=\"text-align: center;\"><strong>RHYTHM SECTION UTOPIA<\/strong><br \/>\n<strong> \u0130stanbul Art Fair T\u00fcyap<\/strong><br \/>\n<strong> November 4 \u2013 12 2017<\/strong><\/p>\n<p style=\"text-align: center;\"><strong>Anneke Bosma<\/strong><br \/>\n<strong> Karina Bugayova<\/strong><br \/>\n<strong> Christoph Dahlhausen<\/strong><br \/>\n<strong> Iemke van Dijk<\/strong><br \/>\n<strong> Daniel Geiger<\/strong><br \/>\n<strong> Lon Godin<\/strong><br \/>\n<strong> Dmytro Goncharenko<\/strong><br \/>\n<strong> Michael Graeve<\/strong><br \/>\n<strong> Henri\u00ebtte van \u2018t Hoog<\/strong><br \/>\n<strong> Oleksiy Koval<\/strong><br \/>\n<strong> Markus Krug<\/strong><br \/>\n<strong> Xiao Tang<\/strong><br \/>\n<strong> Veronika Wenger<\/strong><br \/>\n<strong> Michael Wright<\/strong><\/p>\n<p style=\"text-align: center;\"><strong>curated by Ezgi Bak\u00e7ay<\/strong><\/p>\n<p style=\"text-align: center;\">Adress T\u00fcyap Fair Convention and Congress Center<br \/>\nCumhuriyet Mahallesi Eski Had\u0131mk\u00f6y<\/p>\n<p style=\"text-align: center;\">Yolu Caddesi 9\/1, 34500 B\u00fcy\u00fck\u00e7ekmece \u2013 \u0130STANBUL<br \/>\nPhone +90 (212) 867 11 00<br \/>\nFax +90 (212) 886 66 98<br \/>\nhttp:\/\/tuyap.com.tr\/<\/p>\n<p>&nbsp;<\/p>\n","protected":false},"excerpt":{"rendered":"<p>RHYTHM SECTION UTOPIA \u0130stanbul Art Fair T\u00fcyap November 4 \u2013 12 2017 Anneke Bosma Karina Bugayova Christoph Dahlhausen Iemke van Dijk Daniel Geiger Lon Godin Dmytro Goncharenko Michael Graeve Henri\u00ebtte van \u2018t Hoog Oleksiy Koval Markus Krug Xiao Tang Veronika Wenger Michael Wright curated by Ezgi Bak\u00e7ay Adress T\u00fcyap Fair Convention and Congress Center Cumhuriyet [&hellip;]<\/p>\n","protected":false},"author":1,"featured_media":0,"comment_status":"open","ping_status":"open","sticky":false,"template":"","format":"standard","meta":{"footnotes":""},"categories":[1],"tags":[52,114,17,113,2],"class_list":["post-530","post","type-post","status-publish","format-standard","hentry","category-news","tag-contemporary-art","tag-istanbul-art-fair-tuyap","tag-rhythm-section","tag-utopia","tag-veronika-wenger"],"_links":{"self":[{"href":"https:\/\/veronikawenger.de\/index.php?rest_route=\/wp\/v2\/posts\/530","targetHints":{"allow":["GET"]}}],"collection":[{"href":"https:\/\/veronikawenger.de\/index.php?rest_route=\/wp\/v2\/posts"}],"about":[{"href":"https:\/\/veronikawenger.de\/index.php?rest_route=\/wp\/v2\/types\/post"}],"author":[{"embeddable":true,"href":"https:\/\/veronikawenger.de\/index.php?rest_route=\/wp\/v2\/users\/1"}],"replies":[{"embeddable":true,"href":"https:\/\/veronikawenger.de\/index.php?rest_route=%2Fwp%2Fv2%2Fcomments&post=530"}],"version-history":[{"count":3,"href":"https:\/\/veronikawenger.de\/index.php?rest_route=\/wp\/v2\/posts\/530\/revisions"}],"predecessor-version":[{"id":534,"href":"https:\/\/veronikawenger.de\/index.php?rest_route=\/wp\/v2\/posts\/530\/revisions\/534"}],"wp:attachment":[{"href":"https:\/\/veronikawenger.de\/index.php?rest_route=%2Fwp%2Fv2%2Fmedia&parent=530"}],"wp:term":[{"taxonomy":"category","embeddable":true,"href":"https:\/\/veronikawenger.de\/index.php?rest_route=%2Fwp%2Fv2%2Fcategories&post=530"},{"taxonomy":"post_tag","embeddable":true,"href":"https:\/\/veronikawenger.de\/index.php?rest_route=%2Fwp%2Fv2%2Ftags&post=530"}],"curies":[{"name":"wp","href":"https:\/\/api.w.org\/{rel}","templated":true}]}}