{"id":2003,"date":"2025-09-26T07:27:37","date_gmt":"2025-09-26T07:27:37","guid":{"rendered":"https:\/\/veronikawenger.de\/?p=2003"},"modified":"2025-10-04T07:02:23","modified_gmt":"2025-10-04T07:02:23","slug":"rhythm-section-x-augsburg-contemporary","status":"publish","type":"post","link":"https:\/\/veronikawenger.de\/?p=2003","title":{"rendered":"RHYTHM SECTION X | AUGSBURG CONTEMPORARY"},"content":{"rendered":"<p><img loading=\"lazy\" decoding=\"async\" class=\" wp-image-2004 alignnone\" src=\"https:\/\/veronikawenger.de\/wp-content\/uploads\/2025\/09\/rs_x.png\" alt=\"\" width=\"500\" height=\"625\" srcset=\"https:\/\/veronikawenger.de\/wp-content\/uploads\/2025\/09\/rs_x.png 1200w, https:\/\/veronikawenger.de\/wp-content\/uploads\/2025\/09\/rs_x-240x300.png 240w, https:\/\/veronikawenger.de\/wp-content\/uploads\/2025\/09\/rs_x-819x1024.png 819w, https:\/\/veronikawenger.de\/wp-content\/uploads\/2025\/09\/rs_x-768x960.png 768w\" sizes=\"auto, (max-width: 500px) 100vw, 500px\" \/><\/p>\n<h3>RHYTHM<br \/>\nSECTION<br \/>\nX<\/h3>\n<h3>Augsburg<br \/>\nContemporary<br \/>\nSep 28 &#8211;<br \/>\nNov 8<br \/>\n2025<\/h3>\n<p class=\"false\"><strong class=\"false\">Er\u00f6ffnung: Sonntag, 28. September von 11-16 Uhr<br \/>\n<\/strong><strong class=\"false\">Gru\u00dfwort: J\u00fcrgen Enninger, Referent f\u00fcr Kultur, Welterbe und Sport, Augsburg<\/strong><\/p>\n<p class=\"false\">Ausstellungsdauer: 28. September bis 8. November 2025, jeweils Fr\/Sa 14-17 Uhr<\/p>\n<p class=\"false\"><strong class=\"false\">Albert Coers<\/strong> DE<br \/>\n<strong class=\"false\">Iemke van Dijk<\/strong> NL<br \/>\n<strong class=\"false\">Liu Ke<\/strong> CN<br \/>\n<strong class=\"false\">Oleksiy Koval<\/strong> UA<br \/>\n<strong class=\"false\">Zhou Li<\/strong> CN<br \/>\n<strong class=\"false\">Lodtalad<\/strong> CN<br \/>\n<strong class=\"false\">Artemis Potamianou<\/strong> GR<br \/>\n<strong class=\"false\">Veronika Wenger<\/strong> DE<br \/>\n<strong class=\"false\">Tang Xiao<\/strong> CN<br \/>\n<strong class=\"false\">Gong Xuyao<\/strong> CN<\/p>\n<p class=\"false\">F\u00fcnf K\u00fcnstler\/-innen aus China und f\u00fcnf K\u00fcnstler\/-innen aus Europa zeigen ihre aktuellen Werke zum Thema <em>Rhythmus<\/em> in der bildenden Kunst. \u201eNicht begrenzt werden vom Gr\u00f6\u00dften und dennoch eingeschlossen sein vom Geringsten\u201c, ist eine Definition, die das Vorhaben der K\u00fcnstlergruppe Rhythm Section erkl\u00e4rt. Der wesentliche Kern, der die K\u00fcnstler\/-innen der Gruppe <strong class=\"false\">Rhythm Section<\/strong> in ihren Werken verbindet, ist die Reflexion im Umgang mit Rhythmus als origin\u00e4re Konstante. Der klare Umgang mit Rhythmus erlaubt eine unendliche Vielfalt an individuellen Variationen. <strong class=\"false\">Rhythm Section<\/strong> ist eine Plattform f\u00fcr K\u00fcnstler\/-innen, die an einem Austausch zum Thema Rhythmus in der bildenden Kunst interessiert ist. Rhythm Section besteht nicht nur aus bildenden K\u00fcnstler\/-innen, die Installation, Zeichnung, Video, Skulptur, Malerei und digitale Kunst, um nur einige zu nennen, vertreten, sondern auch aus Kunstkritiker\/-innen, Theoretiker\/-innen, Philosophin\/-innen und Lehrer\/-innen f\u00fcr Rhythmus und Bewegung. Parallel zu den Gruppenausstellungen organisiert <strong>Rhythm Section<\/strong> K\u00fcnstlergespr\u00e4che, Vortr\u00e4ge und Symposien zum Thema <em>Rhythmus<\/em> in der bildenden Kunst.<\/p>\n<p class=\"false\">Five artists from China and five artists from Europe show their current works on the theme of <em>rhythm<\/em> in the visual arts. \u201cNot to be confined by the greatest, yet to be contained within the smallest\u201d is a definition, which declared the enterprise of the artists group <strong class=\"false\">Rhythm Section<\/strong>. The essential core that connects the artists of the Rhythm Section group in their works is the reflection in dealing with rhythm as an original constant. The clear handling of rhythm allows an endless variety of individual variations. <strong class=\"false\">Rhythm Section<\/strong> is a platform for artists, who are interested in an exchange on the subject rhythm in the visual arts. Rhythm Section consists not only of visual artists representing installation, drawing, video, sculpture, painting, digital art to name a few, but also of art critics and theorists, philosophers, teachers for rhythm and movement. Parallel to the group shows, <strong>Rhythm Section<\/strong> organizes artist talks, lectures and symposiums on the subject <em>rhythm<\/em> in visual arts.<\/p>\n<p><a href=\"http:\/\/www.rhythmsection.de\">www.rhythmsection.de<\/a><\/p>\n<p><a class=\"false\" href=\"https:\/\/264327.seu2.cleverreach.com\/cp\/110990354\/73b32271497-t2sjzr\">augsburg contemporary<\/a>, Bergstr. 11, 86199 Augsburg-G\u00f6ggingen, Fon: +49 (0) 8251\/871630. \u00d6ffnungszeiten: Freitags \/ Samstags 14-17 Uhr und nach Vereinbarung.<\/p>\n<p><img loading=\"lazy\" decoding=\"async\" class=\" wp-image-2006 alignnone\" src=\"https:\/\/veronikawenger.de\/wp-content\/uploads\/2025\/09\/IMG_0279-scaled.jpg\" alt=\"\" width=\"491\" height=\"650\" srcset=\"https:\/\/veronikawenger.de\/wp-content\/uploads\/2025\/09\/IMG_0279-scaled.jpg 1934w, https:\/\/veronikawenger.de\/wp-content\/uploads\/2025\/09\/IMG_0279-227x300.jpg 227w, https:\/\/veronikawenger.de\/wp-content\/uploads\/2025\/09\/IMG_0279-774x1024.jpg 774w, https:\/\/veronikawenger.de\/wp-content\/uploads\/2025\/09\/IMG_0279-768x1016.jpg 768w, https:\/\/veronikawenger.de\/wp-content\/uploads\/2025\/09\/IMG_0279-1161x1536.jpg 1161w, https:\/\/veronikawenger.de\/wp-content\/uploads\/2025\/09\/IMG_0279-1547x2048.jpg 1547w\" sizes=\"auto, (max-width: 491px) 100vw, 491px\" \/><\/p>\n<p><em>rosarot<\/em><br \/>\nVeronika Wenger 2024<br \/>\n80 x 60 cm, marker, spray on synthetic fabric<\/p>\n<p>&nbsp;<\/p>\n<p><img loading=\"lazy\" decoding=\"async\" class=\" wp-image-2010 alignnone\" src=\"https:\/\/veronikawenger.de\/wp-content\/uploads\/2025\/09\/rs_x07.png\" alt=\"\" width=\"500\" height=\"667\" srcset=\"https:\/\/veronikawenger.de\/wp-content\/uploads\/2025\/09\/rs_x07.png 1200w, https:\/\/veronikawenger.de\/wp-content\/uploads\/2025\/09\/rs_x07-225x300.png 225w, https:\/\/veronikawenger.de\/wp-content\/uploads\/2025\/09\/rs_x07-768x1024.png 768w, https:\/\/veronikawenger.de\/wp-content\/uploads\/2025\/09\/rs_x07-1152x1536.png 1152w\" sizes=\"auto, (max-width: 500px) 100vw, 500px\" \/><\/p>\n<p>Tang Xiao, Veronika Wenger<br \/>\n<em>Rhythm Section X<\/em>, Augsburg Contemporary 2025<br \/>\nPhoto: rhythmsection.de<\/p>\n<p>&nbsp;<\/p>\n<p><img loading=\"lazy\" decoding=\"async\" class=\" wp-image-2011 alignnone\" src=\"https:\/\/veronikawenger.de\/wp-content\/uploads\/2025\/09\/rs_x03.png\" alt=\"\" width=\"790\" height=\"593\" srcset=\"https:\/\/veronikawenger.de\/wp-content\/uploads\/2025\/09\/rs_x03.png 1600w, https:\/\/veronikawenger.de\/wp-content\/uploads\/2025\/09\/rs_x03-300x225.png 300w, https:\/\/veronikawenger.de\/wp-content\/uploads\/2025\/09\/rs_x03-1024x768.png 1024w, https:\/\/veronikawenger.de\/wp-content\/uploads\/2025\/09\/rs_x03-768x576.png 768w, https:\/\/veronikawenger.de\/wp-content\/uploads\/2025\/09\/rs_x03-1536x1152.png 1536w\" sizes=\"auto, (max-width: 790px) 100vw, 790px\" \/><\/p>\n<p><em>Rhythm Section X<\/em>, Augsburg Contemporary 2025<br \/>\nPhoto: rhythmsection.de<\/p>\n<p>&nbsp;<\/p>\n<p><img loading=\"lazy\" decoding=\"async\" class=\" wp-image-2012 alignnone\" src=\"https:\/\/veronikawenger.de\/wp-content\/uploads\/2025\/09\/rs_x01.png\" alt=\"\" width=\"500\" height=\"625\" srcset=\"https:\/\/veronikawenger.de\/wp-content\/uploads\/2025\/09\/rs_x01.png 1200w, https:\/\/veronikawenger.de\/wp-content\/uploads\/2025\/09\/rs_x01-240x300.png 240w, https:\/\/veronikawenger.de\/wp-content\/uploads\/2025\/09\/rs_x01-819x1024.png 819w, https:\/\/veronikawenger.de\/wp-content\/uploads\/2025\/09\/rs_x01-768x960.png 768w\" sizes=\"auto, (max-width: 500px) 100vw, 500px\" \/><\/p>\n<p><em>Rhythm Section X<\/em>, Augsburg Contemporary 2025<br \/>\nPhoto: rhythmsection.de<\/p>\n<p>&nbsp;<\/p>\n<p><img loading=\"lazy\" decoding=\"async\" class=\"alignnone \" src=\"https:\/\/veronikawenger.de\/wp-content\/uploads\/2025\/03\/wenger_agon_80x60_2025.png\" width=\"500\" height=\"625\" \/><\/p>\n<p><em>Agon<\/em><br \/>\nVeronika Wenger 2025<br \/>\n80 x 60 cm, marker, spray on synthetic fabric<\/p>\n<p>&nbsp;<\/p>\n","protected":false},"excerpt":{"rendered":"<p>RHYTHM SECTION X Augsburg Contemporary Sep 28 &#8211; Nov 8 2025 Er\u00f6ffnung: Sonntag, 28. September von 11-16 Uhr Gru\u00dfwort: J\u00fcrgen Enninger, Referent f\u00fcr Kultur, Welterbe und Sport, Augsburg Ausstellungsdauer: 28. September bis 8. November 2025, jeweils Fr\/Sa 14-17 Uhr Albert Coers DE Iemke van Dijk NL Liu Ke CN Oleksiy Koval UA Zhou Li CN [&hellip;]<\/p>\n","protected":false},"author":1,"featured_media":0,"comment_status":"open","ping_status":"open","sticky":false,"template":"","format":"standard","meta":{"footnotes":""},"categories":[1],"tags":[233,280,2],"class_list":["post-2003","post","type-post","status-publish","format-standard","hentry","category-news","tag-augsburg-contemporary","tag-rhythm-section-x","tag-veronika-wenger"],"_links":{"self":[{"href":"https:\/\/veronikawenger.de\/index.php?rest_route=\/wp\/v2\/posts\/2003","targetHints":{"allow":["GET"]}}],"collection":[{"href":"https:\/\/veronikawenger.de\/index.php?rest_route=\/wp\/v2\/posts"}],"about":[{"href":"https:\/\/veronikawenger.de\/index.php?rest_route=\/wp\/v2\/types\/post"}],"author":[{"embeddable":true,"href":"https:\/\/veronikawenger.de\/index.php?rest_route=\/wp\/v2\/users\/1"}],"replies":[{"embeddable":true,"href":"https:\/\/veronikawenger.de\/index.php?rest_route=%2Fwp%2Fv2%2Fcomments&post=2003"}],"version-history":[{"count":4,"href":"https:\/\/veronikawenger.de\/index.php?rest_route=\/wp\/v2\/posts\/2003\/revisions"}],"predecessor-version":[{"id":2013,"href":"https:\/\/veronikawenger.de\/index.php?rest_route=\/wp\/v2\/posts\/2003\/revisions\/2013"}],"wp:attachment":[{"href":"https:\/\/veronikawenger.de\/index.php?rest_route=%2Fwp%2Fv2%2Fmedia&parent=2003"}],"wp:term":[{"taxonomy":"category","embeddable":true,"href":"https:\/\/veronikawenger.de\/index.php?rest_route=%2Fwp%2Fv2%2Fcategories&post=2003"},{"taxonomy":"post_tag","embeddable":true,"href":"https:\/\/veronikawenger.de\/index.php?rest_route=%2Fwp%2Fv2%2Ftags&post=2003"}],"curies":[{"name":"wp","href":"https:\/\/api.w.org\/{rel}","templated":true}]}}