{"id":158,"date":"2015-07-11T07:55:13","date_gmt":"2015-07-11T07:55:13","guid":{"rendered":"http:\/\/veronikawenger.de\/?p=158"},"modified":"2015-07-11T07:55:13","modified_gmt":"2015-07-11T07:55:13","slug":"the-beautiful-formula-collective-kunstraum-ard-alpha","status":"publish","type":"post","link":"https:\/\/veronikawenger.de\/?p=158","title":{"rendered":"THE BEAUTIFUL FORMULA COLLECTIVE, KUNSTRAUM, ARD-alpha"},"content":{"rendered":"<p style=\"text-align: center;\"><em><a href=\"https:\/\/veronikawenger.de\/wp-content\/uploads\/2015\/07\/kunstraum01.png\" data-lightbox=\"gal[158]\"><img loading=\"lazy\" decoding=\"async\" class=\"alignnone size-full wp-image-159\" src=\"https:\/\/veronikawenger.de\/wp-content\/uploads\/2015\/07\/kunstraum01.png\" alt=\"kunstraum01\" width=\"606\" height=\"341\" srcset=\"https:\/\/veronikawenger.de\/wp-content\/uploads\/2015\/07\/kunstraum01.png 606w, https:\/\/veronikawenger.de\/wp-content\/uploads\/2015\/07\/kunstraum01-300x169.png 300w\" sizes=\"auto, (max-width: 606px) 100vw, 606px\" \/><\/a><\/em><\/p>\n<p style=\"text-align: left;\">SENDUNGSINFO<\/p>\n<p style=\"text-align: left;\"><strong>Kunstraum<\/strong>\u2028 Mittwoch, 15.07.2015 um 21:45 Uhr [ARD-alpha]<\/p>\n<p style=\"text-align: left;\"><strong>Kunstraum<\/strong>\u2028 Donnerstag, 16.07.2015 um 10:00 Uhr [ARD-alpha]<\/p>\n<p style=\"text-align: left;\"><strong>Kunstraum \u2028<\/strong>Freitag, 17.07.2015 um 17:00 Uhr [ARD-alpha]<\/p>\n<p style=\"text-align: left;\"><strong>Kunstraum \u2028<\/strong>Sonntag, 19.07.2015 um 12:45 Uhr [ARD-alpha]<\/p>\n<p style=\"text-align: left;\">Immer wieder fragen sich Maler oder Zeichner, warum ein Bild immer das Werk eines Einzelnen oder einer Einzelnen sein muss. The Beautiful Formula Collective, eine internationale K\u00fcnstlergruppe mit K\u00fcnstlerInnen aus Deutschland, der Ukraine und dem Iran, brechen mit ihrer Arbeit in vielerlei Hinsicht Grenzen auf.<\/p>\n<p style=\"text-align: left;\">Zum einen durch ihr internationales Auftreten rund um den Globus, zum anderen dadurch, dass sie Wege suchen, individuelles Malen und Zeichnen zu kollektivieren.<\/p>\n<p style=\"text-align: left;\"><a href=\"https:\/\/veronikawenger.de\/wp-content\/uploads\/2015\/07\/kunstraum02.jpg\" data-lightbox=\"gal[158]\"><img loading=\"lazy\" decoding=\"async\" class=\"alignnone size-full wp-image-160\" src=\"https:\/\/veronikawenger.de\/wp-content\/uploads\/2015\/07\/kunstraum02.jpg\" alt=\"kunstraum02\" width=\"994\" height=\"558\" srcset=\"https:\/\/veronikawenger.de\/wp-content\/uploads\/2015\/07\/kunstraum02.jpg 994w, https:\/\/veronikawenger.de\/wp-content\/uploads\/2015\/07\/kunstraum02-300x168.jpg 300w\" sizes=\"auto, (max-width: 994px) 100vw, 994px\" \/><\/a><\/p>\n<p>\u201cAm Anfang stand die Idee, einen Malprozess so zu organisieren, so dass er von mehreren K\u00fcnstlerInnen ausgef\u00fchrt werden kann, aber so, dass jeder Beteiligte seine individuellen k\u00fcnstlerischen Ambitionen verfolgen kann. Mehr noch: es soll durch das kollektive Malen und zeichnen mehr entstehen als durch die Summe einzelner Bilder\u201d, meint der Graffiti-K\u00fcnstler Daniel Geiger. Er und Oleksiy Koval, Veronika Wenger und Kuros Nekouian haben gemeinsam einen Weg entwickelt, wie sich die Idee kollektiven Malens in die Tat umsetzen l\u00e4sst.<\/p>\n<p>Grundlage ihres Vorgehens ist eine Art Partitur mit verschiedenen Freiheitsgraden, die zwar einerseits strenge Regeln enth\u00e4lt, andererseits dennoch Freiraum zur Improvisation schafft. Elemente aus der Graffiti-Szene, aus der Zeichnung und der Videokunst sowie aus der Musik treffen auf gro\u00dfen Fl\u00e4chen aufeinander. Dabei ist bemerkenswert, welch ausdrucksstarke Arbeiten bei einem derartigen Vorgehen entstehen k\u00f6nnen.<\/p>\n<p><a href=\"https:\/\/veronikawenger.de\/wp-content\/uploads\/2015\/07\/kunstraum03.jpg\" data-lightbox=\"gal[158]\"><img loading=\"lazy\" decoding=\"async\" class=\"alignnone size-full wp-image-161\" src=\"https:\/\/veronikawenger.de\/wp-content\/uploads\/2015\/07\/kunstraum03.jpg\" alt=\"kunstraum03\" width=\"994\" height=\"558\" srcset=\"https:\/\/veronikawenger.de\/wp-content\/uploads\/2015\/07\/kunstraum03.jpg 994w, https:\/\/veronikawenger.de\/wp-content\/uploads\/2015\/07\/kunstraum03-300x168.jpg 300w\" sizes=\"auto, (max-width: 994px) 100vw, 994px\" \/><\/a><\/p>\n<p>\u201cMan sieht im Kollektiv viele Dinge, die man als einzelner nicht sehen kann\u201d, meint Oleksiy Koval, und Kuros Nekouian erg\u00e4nzt: \u201cDas Arbeiten vor Publikum ist eine ganz besondere Herausforderung f\u00fcr einen Maler, es entwickeln sich dabei ganz andere Qualit\u00e4tsma\u00dfst\u00e4be.\u201d<\/p>\n<p>Im Film gezeigt wird eine tempor\u00e4re Arbeit, die in der Galerie der K\u00fcnstler anl\u00e4sslich der Ausstellung \u201cM\u00fcnchen zeichnet\u201d im Sommer 2013 mit Kreide auf eine gro\u00dfe Schiefertafel gezeichnet wurde, sowie einige Arbeiten, die in einer mehrst\u00fcndigen Performance in der St.Pauls-Kirche M\u00fcnchen anl\u00e4sslich der Langen Nacht der Musik entstanden sind.<\/p>\n","protected":false},"excerpt":{"rendered":"<p>SENDUNGSINFO Kunstraum\u2028 Mittwoch, 15.07.2015 um 21:45 Uhr [ARD-alpha] Kunstraum\u2028 Donnerstag, 16.07.2015 um 10:00 Uhr [ARD-alpha] Kunstraum \u2028Freitag, 17.07.2015 um 17:00 Uhr [ARD-alpha] Kunstraum \u2028Sonntag, 19.07.2015 um 12:45 Uhr [ARD-alpha] Immer wieder fragen sich Maler oder Zeichner, warum ein Bild immer das Werk eines Einzelnen oder einer Einzelnen sein muss. The Beautiful Formula Collective, eine internationale [&hellip;]<\/p>\n","protected":false},"author":1,"featured_media":0,"comment_status":"open","ping_status":"open","sticky":false,"template":"","format":"standard","meta":{"footnotes":""},"categories":[1],"tags":[54,52,24,55,10,12,27,26,2],"class_list":["post-158","post","type-post","status-publish","format-standard","hentry","category-news","tag-ard-alpha","tag-contemporary-art","tag-daniel-geiger","tag-kunstraum","tag-kuros-nekouian","tag-oleksiy-koval","tag-painting-performance","tag-the-beautiful-formula-collective","tag-veronika-wenger"],"_links":{"self":[{"href":"https:\/\/veronikawenger.de\/index.php?rest_route=\/wp\/v2\/posts\/158","targetHints":{"allow":["GET"]}}],"collection":[{"href":"https:\/\/veronikawenger.de\/index.php?rest_route=\/wp\/v2\/posts"}],"about":[{"href":"https:\/\/veronikawenger.de\/index.php?rest_route=\/wp\/v2\/types\/post"}],"author":[{"embeddable":true,"href":"https:\/\/veronikawenger.de\/index.php?rest_route=\/wp\/v2\/users\/1"}],"replies":[{"embeddable":true,"href":"https:\/\/veronikawenger.de\/index.php?rest_route=%2Fwp%2Fv2%2Fcomments&post=158"}],"version-history":[{"count":4,"href":"https:\/\/veronikawenger.de\/index.php?rest_route=\/wp\/v2\/posts\/158\/revisions"}],"predecessor-version":[{"id":165,"href":"https:\/\/veronikawenger.de\/index.php?rest_route=\/wp\/v2\/posts\/158\/revisions\/165"}],"wp:attachment":[{"href":"https:\/\/veronikawenger.de\/index.php?rest_route=%2Fwp%2Fv2%2Fmedia&parent=158"}],"wp:term":[{"taxonomy":"category","embeddable":true,"href":"https:\/\/veronikawenger.de\/index.php?rest_route=%2Fwp%2Fv2%2Fcategories&post=158"},{"taxonomy":"post_tag","embeddable":true,"href":"https:\/\/veronikawenger.de\/index.php?rest_route=%2Fwp%2Fv2%2Ftags&post=158"}],"curies":[{"name":"wp","href":"https:\/\/api.w.org\/{rel}","templated":true}]}}