{"id":1392,"date":"2022-06-07T07:35:55","date_gmt":"2022-06-07T07:35:55","guid":{"rendered":"http:\/\/veronikawenger.de\/?p=1392"},"modified":"2022-06-07T07:35:55","modified_gmt":"2022-06-07T07:35:55","slug":"erde-sucht-gisela-berlin","status":"publish","type":"post","link":"https:\/\/veronikawenger.de\/?p=1392","title":{"rendered":"ERDE. SUCHT. | GISELA BERLIN"},"content":{"rendered":"<h3><\/h3>\n<h3><\/h3>\n<figure id=\"attachment_779\" aria-describedby=\"caption-attachment-779\" style=\"width: 665px\" class=\"wp-caption alignnone\"><a href=\"https:\/\/veronikawenger.de\/wp-content\/uploads\/2019\/09\/starfighter.jpeg\" data-lightbox=\"gal[1392]\"><img loading=\"lazy\" decoding=\"async\" class=\"wp-image-779 size-large\" src=\"https:\/\/veronikawenger.de\/wp-content\/uploads\/2019\/09\/starfighter-1024x854.jpeg\" alt=\"\" width=\"665\" height=\"555\" srcset=\"https:\/\/veronikawenger.de\/wp-content\/uploads\/2019\/09\/starfighter-1024x854.jpeg 1024w, https:\/\/veronikawenger.de\/wp-content\/uploads\/2019\/09\/starfighter-300x250.jpeg 300w, https:\/\/veronikawenger.de\/wp-content\/uploads\/2019\/09\/starfighter-768x641.jpeg 768w\" sizes=\"auto, (max-width: 665px) 100vw, 665px\" \/><\/a><figcaption id=\"caption-attachment-779\" class=\"wp-caption-text\"><em>Starfighter,<\/em> Veronika Wenger 2019, 40 x 50 cm, marker, pencil, acrylic on MDF<\/figcaption><\/figure>\n<h3>ERDE. SUCHT.<br \/>\nMIXED-MEDIA<br \/>\nAUSSSTELLUNG<br \/>\nGISELA<br \/>\nFreier Kunstraum<br \/>\nLichtenberg Berlin<br \/>\n11. &#8211; 26.6.<br \/>\n2022<\/h3>\n<h5>Vernissage:<br \/>\nFreitag, 10.6.2022<br \/>\n18 Uhr<\/h5>\n<p>Kuratiert von Dmytro Goncharenko, Inge Gr\u00e4ber, Heinz-Hermann Jurczek.<br \/>\nEine Untersuchung und kritische Analyse der geopolitischen Aggression im XXI. Jahrhundert.<\/p>\n<p>Es werden nicht nur Menschen vertrieben und get\u00f6tet, sondern die Erde wird verbrannt.<\/p>\n<p>Wer die Heimaterde der anderen zerst\u00f6rt, zerst\u00f6rt die eigene und sich selbst.<\/p>\n<p>Auf Zerst\u00f6rungskrieg und Vergewaltigung folgt Selbstzerst\u00f6rung.<\/p>\n<p>Unter den F\u00fc\u00dfen des Menschen die Erde.<br \/>\nWenn ein Mensch l\u00e4uft, dreht sich die Erde schneller. Wenn die Erde in Flammen ger\u00e4t, brennt sie und ihre \u00dcberreste veraschen.<br \/>\nVerbrannte Erde qualmt am Horizont. Der Wind verbreitet eine Rauchschwade \u00fcber die tauben Stra\u00dfen und schwelenden H\u00e4user.<br \/>\nDie Erde schwingt zwischen dem oberirdischen Schrei und dem St\u00f6hnen im Untergrund, das Leben schenkt.<br \/>\nDie Erde derer, die darauf geboren wurden, aufwuchsen und es schafften, sich zu verlieben.<br \/>\nDie Erde besetzen \u2013 Besitz, Vergewaltigung und Vereinigung.<br \/>\nAus der Vereinigung mit der Erde soll ein D\u00fcnger entstehen, eine organische stille Erl\u00f6sung.<\/p>\n<p>Dmytro Goncharenko<\/p>\n<p>Der Erl\u00f6s von verkauften Kunstwerken geht an humanit\u00e4re Projekte in der Ukraine (in Kooperation mit Ukraine Hilfe Berlin e.V.).<\/p>\n<p>GISELA \u2013 Freier Kunstraum Lichtenberg<br \/>\nGiselastr. 12, 10317 Berlin<br \/>\nTel. 030. 516 56 004<\/p>\n<p><a href=\"https:\/\/veronikawenger.us7.list-manage.com\/track\/click?u=b140ec73fd6dcd0d31bcb9395&amp;id=65998104bd&amp;e=b19b230f65\" target=\"_blank\" rel=\"noopener\">www.gisela.kulturring.berlin<\/a><\/p>\n<p><img loading=\"lazy\" decoding=\"async\" class=\"alignnone \" src=\"https:\/\/oleksiykoval.files.wordpress.com\/2022\/06\/photo-2022-06-02-16-57-16.jpg\" width=\"550\" height=\"768\" \/><\/p>\n<p>&nbsp;<\/p>\n<p>&nbsp;<\/p>\n<p>&nbsp;<\/p>\n","protected":false},"excerpt":{"rendered":"<p>ERDE. SUCHT. MIXED-MEDIA AUSSSTELLUNG GISELA Freier Kunstraum Lichtenberg Berlin 11. &#8211; 26.6. 2022 Vernissage: Freitag, 10.6.2022 18 Uhr Kuratiert von Dmytro Goncharenko, Inge Gr\u00e4ber, Heinz-Hermann Jurczek. Eine Untersuchung und kritische Analyse der geopolitischen Aggression im XXI. Jahrhundert. Es werden nicht nur Menschen vertrieben und get\u00f6tet, sondern die Erde wird verbrannt. Wer die Heimaterde der anderen [&hellip;]<\/p>\n","protected":false},"author":1,"featured_media":0,"comment_status":"open","ping_status":"open","sticky":false,"template":"","format":"standard","meta":{"footnotes":""},"categories":[1],"tags":[214,53,211,213,212,2,101],"class_list":["post-1392","post","type-post","status-publish","format-standard","hentry","category-news","tag-berlin","tag-drawing","tag-erde","tag-gisela","tag-sucht","tag-veronika-wenger","tag-zeichnung"],"_links":{"self":[{"href":"https:\/\/veronikawenger.de\/index.php?rest_route=\/wp\/v2\/posts\/1392","targetHints":{"allow":["GET"]}}],"collection":[{"href":"https:\/\/veronikawenger.de\/index.php?rest_route=\/wp\/v2\/posts"}],"about":[{"href":"https:\/\/veronikawenger.de\/index.php?rest_route=\/wp\/v2\/types\/post"}],"author":[{"embeddable":true,"href":"https:\/\/veronikawenger.de\/index.php?rest_route=\/wp\/v2\/users\/1"}],"replies":[{"embeddable":true,"href":"https:\/\/veronikawenger.de\/index.php?rest_route=%2Fwp%2Fv2%2Fcomments&post=1392"}],"version-history":[{"count":2,"href":"https:\/\/veronikawenger.de\/index.php?rest_route=\/wp\/v2\/posts\/1392\/revisions"}],"predecessor-version":[{"id":1395,"href":"https:\/\/veronikawenger.de\/index.php?rest_route=\/wp\/v2\/posts\/1392\/revisions\/1395"}],"wp:attachment":[{"href":"https:\/\/veronikawenger.de\/index.php?rest_route=%2Fwp%2Fv2%2Fmedia&parent=1392"}],"wp:term":[{"taxonomy":"category","embeddable":true,"href":"https:\/\/veronikawenger.de\/index.php?rest_route=%2Fwp%2Fv2%2Fcategories&post=1392"},{"taxonomy":"post_tag","embeddable":true,"href":"https:\/\/veronikawenger.de\/index.php?rest_route=%2Fwp%2Fv2%2Ftags&post=1392"}],"curies":[{"name":"wp","href":"https:\/\/api.w.org\/{rel}","templated":true}]}}